{"id":5,"date":"2008-10-31T14:13:08","date_gmt":"2008-10-31T14:13:08","guid":{"rendered":"http:\/\/www.biolaeden-muenchen.de\/?p=5"},"modified":"2008-10-31T14:36:43","modified_gmt":"2008-10-31T14:36:43","slug":"deutsches-staatliches-biosiegel","status":"publish","type":"post","link":"https:\/\/www.biolaeden-muenchen.de\/index.php\/biomarken\/deutsches-staatliches-biosiegel\/","title":{"rendered":"deutsches staatliches Biosiegel"},"content":{"rendered":"<p>-Bundesanstalt f\u00fcr Landwirtschaft und Ern\u00e4hrung<br \/>\n&#8211; Einf\u00fchrung September 2001<br \/>\n-nach EG-\u00d6ko-Verordnung<!--more--><\/p>\n<p>-keine radioaktive Bestrahlung um das Produkt zu konservieren<br \/>\n&#8211; keine Erzeugung durch bzw. mit gentechnischen und ver\u00e4nderten Organismen<br \/>\n&#8211; Verbot von mineralischen D\u00fcngern<br \/>\n&#8211; Verbot von synthetischen Pflanzenschutzmitteln und biologisch nicht abbaubaren Pflanzenschutzmitteln, keine Wachstumsf\u00f6rderer<br \/>\n&#8211; Verbot von Zugabe von Geschmacksverst\u00e4rkern, k\u00fcnstlichen Aromen, Farbstoffen und Emulgatoren<br \/>\n&#8211; \u00f6kologische Tierhaltung<br \/>\n&#8211; Verzicht auf Antibiotika<br \/>\n&#8211; Viele Zusatzstoffe sind nicht erlaubt<br \/>\n&#8211; Zutaten landwirtschaftlichen Ursprungs m\u00fcssen zu mindestens 95 Prozent aus dem \u00f6kologischen Landbau stammen<\/p>\n","protected":false},"excerpt":{"rendered":"<p>-Bundesanstalt f\u00fcr Landwirtschaft und Ern\u00e4hrung &#8211; Einf\u00fchrung September 2001 -nach EG-\u00d6ko-Verordnung<\/p>\n","protected":false},"author":1,"featured_media":0,"comment_status":"open","ping_status":"open","sticky":false,"template":"","format":"standard","meta":{"footnotes":""},"categories":[3],"tags":[],"class_list":["post-5","post","type-post","status-publish","format-standard","hentry","category-biomarken"],"aioseo_notices":[],"_links":{"self":[{"href":"https:\/\/www.biolaeden-muenchen.de\/index.php\/wp-json\/wp\/v2\/posts\/5","targetHints":{"allow":["GET"]}}],"collection":[{"href":"https:\/\/www.biolaeden-muenchen.de\/index.php\/wp-json\/wp\/v2\/posts"}],"about":[{"href":"https:\/\/www.biolaeden-muenchen.de\/index.php\/wp-json\/wp\/v2\/types\/post"}],"author":[{"embeddable":true,"href":"https:\/\/www.biolaeden-muenchen.de\/index.php\/wp-json\/wp\/v2\/users\/1"}],"replies":[{"embeddable":true,"href":"https:\/\/www.biolaeden-muenchen.de\/index.php\/wp-json\/wp\/v2\/comments?post=5"}],"version-history":[{"count":4,"href":"https:\/\/www.biolaeden-muenchen.de\/index.php\/wp-json\/wp\/v2\/posts\/5\/revisions"}],"predecessor-version":[{"id":21,"href":"https:\/\/www.biolaeden-muenchen.de\/index.php\/wp-json\/wp\/v2\/posts\/5\/revisions\/21"}],"wp:attachment":[{"href":"https:\/\/www.biolaeden-muenchen.de\/index.php\/wp-json\/wp\/v2\/media?parent=5"}],"wp:term":[{"taxonomy":"category","embeddable":true,"href":"https:\/\/www.biolaeden-muenchen.de\/index.php\/wp-json\/wp\/v2\/categories?post=5"},{"taxonomy":"post_tag","embeddable":true,"href":"https:\/\/www.biolaeden-muenchen.de\/index.php\/wp-json\/wp\/v2\/tags?post=5"}],"curies":[{"name":"wp","href":"https:\/\/api.w.org\/{rel}","templated":true}]}}