{"id":138,"date":"2010-04-05T15:32:48","date_gmt":"2010-04-05T15:32:48","guid":{"rendered":"http:\/\/www.biolaeden-muenchen.de\/?p=138"},"modified":"2021-02-08T08:05:46","modified_gmt":"2021-02-08T08:05:46","slug":"fernreise-nach-kamerun","status":"publish","type":"post","link":"https:\/\/www.biolaeden-muenchen.de\/index.php\/reisen\/fernreise-nach-kamerun\/","title":{"rendered":"Fernreise nach Kamerun"},"content":{"rendered":"<p><img loading=\"lazy\" decoding=\"async\" class=\"alignleft size-medium wp-image-207\" src=\"https:\/\/www.biolaeden-muenchen.de\/wp-content\/uploads\/kamerun1.jpg\" alt=\"\" width=\"150\" height=\"101\" \/>Die Fernreise f\u00fchrt den Besucher sowohl in den islamisch gepr\u00e4gten Norden, die Hauptstadt Yaounde, den englischsprechenden Westteil und den S\u00fcden an die Atlantikk\u00fcste.<\/p>\n<p>Im Norden besuchen Sie Maroua, die in der Sahelzone gelegene Hauptstadt der Provinz Extreme Nord mit seinem typischen Markt, dem Handwerkszentrum und den Gerbern. Sie fahren nach Rhumsiki, das inmitten der Mandara Berge liegt und geniesen schon auf dem Weg dorthin den Blick auf die einzigartige Fels- und Berglandschaft, die Andre Gide einst als Mondlandschaft bezeichnete. <!--more--><\/p>\n<p>In Rhumsiki k\u00f6nnen Sie sich von dem Weissager die Zukunft vorhersagen lassen und statten dem Schmied in Amsa einen Besuch ab um einen Einblick in die trad. Schmiedekunst zu erhalten. Im Waza Nationalpark, dem gr\u00f6\u00dften und tierreichsten Park Zentralafrikas gehen Sie mit dem Auto und dem einheimischen F\u00fchrer auf die Pirsch um Elefanten, Giraffen, L\u00f6wen, Antilopen und die einzigartige Vogelwelt zu beobachten.<\/p>\n<p>Sie erleben die farbenpr\u00e4chtigen M\u00e4rkte des Norden, z.B. in Tourou und machen einen Abstecher \u00fcber Pouss (wo Sie die Mousgum Ethnie mit ihren einzigartigen Kuppelbauten besichtigen) zum Maga See. Ein Besuch Oudjillas, dem Dorf des Podokos mit seinen zahlreichen Frauen steht ebenfalls auf dem Programm.<\/p>\n<p>Ab Maroua fliegen Sie nach Yaounde und besichtigen die Hauptstadt Kameruns um von hier aus weiter in den Westen zu fahren.<\/p>\n<p>Im Westen erleben Sie eine g\u00e4nzlich andere Landschaft, fruchtbarer und \u00fcppiger als im Norden. Sie besuchen Foumban, den bekannten Sultanssitz und den handwerklichen Mittelpunkt Westkameruns. Weiterhin stehen die Besichtigung des Fon Palastes in Bandjoun und Bafut, Bamenda, die Hauptstadt des Westens, die bekannte Ringroad durch das kamerunische Grasland auf dem Programm bevor sie in Richtung Limbe weiterreisen. Sie besichtigen unterwegs die Ekom Wasserf\u00e4lle und Buea, am Fu\u00dfe des Kamerunberges gelegen.<\/p>\n<p>Zum Abschlu\u00df ihrer Reise erholen Sie sich an den langen wei\u00dfen Sandstr\u00e4nden in Kribi und fliegen ab Douala zur\u00fcck.<\/p>\n<p>Eine Fernreise nach Kamerun ist zwar deutlich teuer als ein <a href=\"https:\/\/www.reisen-to-go.de\/\">Kurzurlaub<\/a> in London oder Lastminute \u00c4gypten, doch daf\u00fcr kann man dort neue Kulturen, unber\u00fchrte Natur und seltene Tierarten\u00a0erleben.<\/p>\n","protected":false},"excerpt":{"rendered":"<p>Die Fernreise f\u00fchrt den Besucher sowohl in den islamisch gepr\u00e4gten Norden, die Hauptstadt Yaounde, den englischsprechenden Westteil und den S\u00fcden an die Atlantikk\u00fcste. Im Norden besuchen Sie Maroua, die in der Sahelzone gelegene Hauptstadt der Provinz Extreme Nord mit seinem typischen Markt, dem Handwerkszentrum und den Gerbern. Sie fahren nach Rhumsiki, das inmitten der Mandara [&hellip;]<\/p>\n","protected":false},"author":1,"featured_media":0,"comment_status":"open","ping_status":"open","sticky":false,"template":"","format":"standard","meta":{"footnotes":""},"categories":[6],"tags":[],"class_list":["post-138","post","type-post","status-publish","format-standard","hentry","category-reisen"],"aioseo_notices":[],"_links":{"self":[{"href":"https:\/\/www.biolaeden-muenchen.de\/index.php\/wp-json\/wp\/v2\/posts\/138","targetHints":{"allow":["GET"]}}],"collection":[{"href":"https:\/\/www.biolaeden-muenchen.de\/index.php\/wp-json\/wp\/v2\/posts"}],"about":[{"href":"https:\/\/www.biolaeden-muenchen.de\/index.php\/wp-json\/wp\/v2\/types\/post"}],"author":[{"embeddable":true,"href":"https:\/\/www.biolaeden-muenchen.de\/index.php\/wp-json\/wp\/v2\/users\/1"}],"replies":[{"embeddable":true,"href":"https:\/\/www.biolaeden-muenchen.de\/index.php\/wp-json\/wp\/v2\/comments?post=138"}],"version-history":[{"count":5,"href":"https:\/\/www.biolaeden-muenchen.de\/index.php\/wp-json\/wp\/v2\/posts\/138\/revisions"}],"predecessor-version":[{"id":432,"href":"https:\/\/www.biolaeden-muenchen.de\/index.php\/wp-json\/wp\/v2\/posts\/138\/revisions\/432"}],"wp:attachment":[{"href":"https:\/\/www.biolaeden-muenchen.de\/index.php\/wp-json\/wp\/v2\/media?parent=138"}],"wp:term":[{"taxonomy":"category","embeddable":true,"href":"https:\/\/www.biolaeden-muenchen.de\/index.php\/wp-json\/wp\/v2\/categories?post=138"},{"taxonomy":"post_tag","embeddable":true,"href":"https:\/\/www.biolaeden-muenchen.de\/index.php\/wp-json\/wp\/v2\/tags?post=138"}],"curies":[{"name":"wp","href":"https:\/\/api.w.org\/{rel}","templated":true}]}}